[{"@context":"https:\/\/schema.org\/","@type":"Article","@id":"https:\/\/www.lusia.cz\/elegantni-a-prakticke\/#Article","mainEntityOfPage":"https:\/\/www.lusia.cz\/elegantni-a-prakticke\/","headline":"Elegantn\u00ed a praktick\u00e9","name":"Elegantn\u00ed a praktick\u00e9","description":"Pat\u0159\u00edte do skupiny \u017een, kter\u00e9 miluj\u00ed leg\u00edny? Kter\u00e1 by je nem\u011bla r\u00e1da, v\u017edy\u0165 jsou pohodln\u00e9, pru\u017en\u00e9, daj\u00ed se nosit cel\u00fd rok a nav\u00edc se v nich d\u00e1 b\u011b\u017en\u011b chodit i [&hellip;]","datePublished":"2022-04-10","dateModified":"2023-05-26","author":{"@type":"Person","@id":"https:\/\/www.lusia.cz\/author\/#Person","name":"","url":"https:\/\/www.lusia.cz\/author\/","identifier":1,"image":{"@type":"ImageObject","@id":"https:\/\/secure.gravatar.com\/avatar\/c0c0e488d5f88ebdb5e32a558e21f6df03f38644814b5677bcd67e16813bee55?s=96&d=mm&r=g","url":"https:\/\/secure.gravatar.com\/avatar\/c0c0e488d5f88ebdb5e32a558e21f6df03f38644814b5677bcd67e16813bee55?s=96&d=mm&r=g","height":96,"width":96}},"publisher":{"@type":"Organization","name":"lusia.cz","logo":{"@type":"ImageObject","@id":"\/logo.png","url":"\/logo.png","width":600,"height":60}},"image":{"@type":"ImageObject","@id":"https:\/\/www.lusia.cz\/wp-content\/uploads\/woman-gddd2ed90a_640.jpg","url":"https:\/\/www.lusia.cz\/wp-content\/uploads\/woman-gddd2ed90a_640.jpg","height":0,"width":0},"url":"https:\/\/www.lusia.cz\/elegantni-a-prakticke\/","about":["V\u00fdrobky"],"wordCount":445,"articleBody":"      Pat\u0159\u00edte do skupiny \u017een, kter\u00e9 miluj\u00ed leg\u00edny? Kter\u00e1 by je nem\u011bla r\u00e1da, v\u017edy\u0165 jsou pohodln\u00e9, pru\u017en\u00e9, daj\u00ed se nosit cel\u00fd rok a nav\u00edc se v nich d\u00e1 b\u011b\u017en\u011b chodit i sportovat. Leg\u00edny, kter\u00e9 t\u00e9m\u011b\u0159 vytla\u010dily z trhu kama\u0161e, kter\u00e9 vypadaly v\u00edce jako d\u011btsk\u00e9 pun\u010doch\u00e1\u010de ne\u017e elegantn\u00ed kus od\u011bvu a sv\u00fdmi nekone\u010dn\u00fdmi barevn\u00fdmi kombinacemi a funk\u010dn\u00edmi mo\u017enosti nemaj\u00ed leg\u00edny v sou\u010dasnosti konkurenci P\u0159i\u010dteme-li, \u017ee existuj\u00ed leg\u00edny, kter\u00e9 n\u00e1m vytvaruj\u00ed postavu, tak nev\u00edm, \u010d\u00edm v\u00edc v\u00e1s mus\u00edm p\u0159esv\u011bd\u010dit o tom, \u017ee do va\u0161eho \u0161atn\u00edku si m\u00e1te minim\u00e1ln\u011b dva t\u0159i kousky po\u0159\u00eddit. Leg\u00edny, kter\u00e9 dokonale obep\u00ednaj\u00ed postavu, ale jsou pru\u017en\u00e9, ocen\u00edte jak pro b\u011b\u017en\u00e9 no\u0161en\u00ed do pr\u00e1ce, ale i na sport.\u0158\u00edk\u00e1te si, \u017ee u\u017e nejste ve v\u011bku, kdy byste m\u011bla chodit v leg\u00edn\u00e1ch, nebo \u017ee va\u0161e postava u\u017e nen\u00ed to co b\u00fdvalo, a nen\u00ed t\u0159eba upnut\u00fdmi leg\u00ednami na to upozor\u0148ovat? Omyl! Zkuste tvarovac\u00ed leg\u00edny Disstyle a p\u0159es n\u011b si oble\u010dte sukni jen tak pod zade\u010dek dlouhou a uvid\u00edte, jak se budete c\u00edtit elegantn\u011b. Leg\u00edny ocen\u00edte v parn\u00e9m l\u00e9t\u011b, pokud m\u00e1te probl\u00e9my, \u017ee se v\u00e1m t\u0159ou stehna o sebe a trp\u00edte na ko\u017en\u00ed probl\u00e9my, jako jsou opruzeniny. Kr\u00e1tk\u00e9 leg\u00edny, ukon\u010den\u00e9 krajkou v\u00e1m ochr\u00e1n\u00ed stehna a nav\u00edc, i kdy\u017e bude krajka koukat z pod sukn\u011b, budete vypadat sexy.M\u00e1lokter\u00e1 \u017eena se neum\u00ed obl\u00edknout tak, aby zaujala mu\u017esk\u00e9 oko, ale p\u0159itom byla oble\u010den\u00e1 pohodln\u011b. Tvaruj\u00edc\u00ed leg\u00edny s podporou va\u0161eho zade\u010dku ud\u011blaj\u00ed kus pr\u00e1ce za v\u00e1s, proto\u017ee nebudete muset do posilovny a tvarovat postavu cvi\u010den\u00edm. Leg\u00edny jsou obl\u00edbenou sou\u010d\u00e1st\u00ed \u0161atn\u00edk\u016f \u017een, ale i d\u00edvek a hol\u010di\u010dek. Mnoho \u017een chod\u00ed oble\u010den\u00e9 do elastick\u00fdch rifl\u00ed, kter\u00e9 se od leg\u00edn li\u0161\u00ed jen zap\u00edn\u00e1n\u00edm v pase, a to je p\u0159i del\u0161\u00edm sezen\u00ed v pr\u00e1ci v\u011bc, kter\u00e1 n\u00e1s za\u010dne tla\u010dit a b\u00fdt nepohodlnou. S pru\u017en\u00fdmi leg\u00ednami s vyztu\u017een\u00fdm pasem se v\u00e1m toto nestane a celodenn\u00ed sezen\u00ed v kancel\u00e1\u0159i tak nebude pro va\u0161e b\u0159\u00ed\u0161ko utrpen\u00edm. Leg\u00edny nesm\u00ed chyb\u011bt v \u017e\u00e1dn\u00e9m \u0161atn\u00edku.                                                                                                                                                                                                                                                                                                                                                                                          4.4\/5 - (7 votes)        "},{"@context":"https:\/\/schema.org\/","@type":"BreadcrumbList","itemListElement":[{"@type":"ListItem","position":1,"name":"Elegantn\u00ed a praktick\u00e9","item":"https:\/\/www.lusia.cz\/elegantni-a-prakticke\/#breadcrumbitem"}]}]