[{"@context":"https:\/\/schema.org\/","@type":"Article","@id":"https:\/\/www.lusia.cz\/o-krok-zpatky\/#Article","mainEntityOfPage":"https:\/\/www.lusia.cz\/o-krok-zpatky\/","headline":"O krok zp\u00e1tky","name":"O krok zp\u00e1tky","description":"Posledn\u00ed dobou se vede spousta kauz o to, zda o\u010dkovat sv\u00e9 d\u011bti. I kdy\u017e v\u011bt\u0161ina je ze z\u00e1kona povinn\u00e1. L\u00e9ka\u0159i tak dnes vy\u017eaduj\u00ed i p\u00edsemn\u00fd souhlas obou rodi\u010d\u016f s&nbsp;o\u010dkov\u00e1n\u00edm, kter\u00e9 [&hellip;]","datePublished":"2020-02-23","dateModified":"2023-05-26","author":{"@type":"Person","@id":"https:\/\/www.lusia.cz\/author\/#Person","name":"","url":"https:\/\/www.lusia.cz\/author\/","identifier":1,"image":{"@type":"ImageObject","@id":"https:\/\/secure.gravatar.com\/avatar\/c0c0e488d5f88ebdb5e32a558e21f6df03f38644814b5677bcd67e16813bee55?s=96&d=mm&r=g","url":"https:\/\/secure.gravatar.com\/avatar\/c0c0e488d5f88ebdb5e32a558e21f6df03f38644814b5677bcd67e16813bee55?s=96&d=mm&r=g","height":96,"width":96}},"publisher":{"@type":"Organization","name":"lusia.cz","logo":{"@type":"ImageObject","@id":"\/logo.png","url":"\/logo.png","width":600,"height":60}},"image":{"@type":"ImageObject","@id":"https:\/\/www.lusia.cz\/wp-content\/uploads\/img_a371802_w3816_t1583004998.jpg","url":"https:\/\/www.lusia.cz\/wp-content\/uploads\/img_a371802_w3816_t1583004998.jpg","height":0,"width":0},"url":"https:\/\/www.lusia.cz\/o-krok-zpatky\/","about":["Zdrav\u00ed"],"wordCount":463,"articleBody":"Posledn\u00ed dobou se vede spousta kauz o to, zda o\u010dkovat sv\u00e9 d\u011bti. I kdy\u017e v\u011bt\u0161ina je ze z\u00e1kona povinn\u00e1. L\u00e9ka\u0159i tak dnes vy\u017eaduj\u00ed i p\u00edsemn\u00fd souhlas obou rodi\u010d\u016f s&nbsp;o\u010dkov\u00e1n\u00edm, kter\u00e9 nen\u00ed dobrovoln\u00e9. V&nbsp;tuto dobu existuj\u00ed i skupiny na soci\u00e1ln\u00edch s\u00edt\u00edch, kter\u00e9 jsou pro i proti. Nicm\u00e9n\u011b v&nbsp;polovin\u011b z&nbsp;nich se \u0161\u00ed\u0159\u00ed f\u00e1my, kter\u00e9 p\u0159id\u00e1v\u00e1 n\u011bkdo na internet. Mysl\u00edme si, \u017ee lidi, kte\u0159\u00ed se vzp\u00edraj\u00ed vakcinaci z\u0159ejm\u011b d\u011blaj\u00ed celkem dost velik\u00fd krok zp\u00e1tky. Pokud se tedy cht\u011bj\u00ed vracet do doby, kdy ka\u017ed\u00fd druh\u00fd um\u00edr\u00e1 na TBC, spalni\u010dky mohou rovnou vr\u00e1tit auto, super hadry a za\u010d\u00edt chodit p\u011b\u0161ky, aby chr\u00e1nili p\u0159\u00edrodu. Je\u0161t\u011b pak nejl\u00e9pe bydlet ve slam\u011bn\u00fdch p\u0159\u00edbytc\u00edch ba dokonce se koupat v&nbsp;\u0159ece. Ano, tro\u0161ku jsme to p\u0159ehnali. Nicm\u00e9n\u011b je t\u0159eba si uv\u011bdomit, \u017ee neo\u010dkov\u00e1n\u00edm sv\u00fdch d\u011bt\u00ed ohro\u017euj\u00ed zdrav\u00ed a bezpe\u010dnost n\u00e1s v\u0161ech ostatn\u00edch. Tito mu\u017ei, \u017eeny ud\u011blali celkem krok zp\u00e1tky. Rozhodn\u011b to nen\u00ed \u017e\u00e1dn\u00fd pokrok.\tAutismus a o\u010dkov\u00e1n\u00edOpravdu m\u016f\u017ee zp\u016fsobit autismus? Opravdu ne! Nev\u00edm jak vy, ale za n\u00e1s jsme dosud nevid\u011bli re\u00e1ln\u00fd d\u016fkaz, \u017ee v&nbsp;tomto existuje souvislost. Pokud toto tvrd\u00ed dne\u0161n\u00ed modern\u00ed matky, a\u0165 uk\u00e1\u017e\u00ed opravdu podlo\u017een\u00fd d\u016fkaz. Vezmeme-li v&nbsp;\u00favahu, \u017ee o\u010dkov\u00e1n\u00ed se zpravidla d\u011bl\u00e1 aktivn\u00ed imunizac\u00ed, je to hloupost. Jak by n\u011bkolik rozd\u00edln\u00fdch nemoc\u00ed mohlo zp\u016fsobit tent\u00fd\u017e sam\u00fd probl\u00e9m? Spousta \u017een by si m\u011blo s\u00e1hnou na sv\u00e9 vlastn\u00ed sv\u011bdom\u00ed. Jeliko\u017e p\u0159iznat si svoj\u00ed vlastn\u00ed chybu je evidentn\u011b n\u011bkdy t\u011b\u017ek\u00e9.\tZdrav\u00ed v&nbsp;ohro\u017een\u00edPokud bychom p\u0159estali v\u0161ichni hromadn\u011b s&nbsp;touto prevenc\u00ed mohl by nastat probl\u00e9m. U\u017e nyn\u00ed \u010del\u00edme nov\u00e9mu probl\u00e9mu s&nbsp;n\u00e1zvem Korona virus. Pro\u010d bychom m\u011bli \u010delit op\u011bt nemoci, kter\u00fdm jsme p\u0159i\u0161li na kloub ji\u017e d\u00e1vno? Ta p\u0159edstava, \u017ee na\u0161e d\u011bti um\u00edraj\u00ed znovu na \u010dern\u00fd ka\u0161el, nebo prav\u00e9 ne\u0161tovice? Je opravdu nep\u0159edstaviteln\u00e1 a hrozn\u00e1. V\u017edy\u0165 spousta na\u0161ich babi\u010dek si je\u0161t\u011b pamatuje, jak jejich kamar\u00e1di, zn\u00e1m\u00ed um\u0159eli na tyto nemoci. Zas\u00e1hly nejenom \u010cesko, ale celou zemi.My sv\u00e9 d\u011bti o\u010dkujeme, proto\u017ee kdybychom si m\u011bli vybrat rad\u011bji budeme m\u00edt d\u00edt\u011b s&nbsp;autismem ne\u017e \u017e\u00edt bez nich. A na jakou stranu se stav\u00edte vy?                                                                                                                                                                                                                                                                                                                                                                                        3.8\/5 - (6 votes)        "},{"@context":"https:\/\/schema.org\/","@type":"BreadcrumbList","itemListElement":[{"@type":"ListItem","position":1,"name":"O krok zp\u00e1tky","item":"https:\/\/www.lusia.cz\/o-krok-zpatky\/#breadcrumbitem"}]}]