[{"@context":"https:\/\/schema.org\/","@type":"Article","@id":"https:\/\/www.lusia.cz\/stehujeme-se-v-zime-do-noveho-bytu\/#Article","mainEntityOfPage":"https:\/\/www.lusia.cz\/stehujeme-se-v-zime-do-noveho-bytu\/","headline":"St\u011bhujeme se v zim\u011b do nov\u00e9ho bytu","name":"St\u011bhujeme se v zim\u011b do nov\u00e9ho bytu","description":"Bydl\u00edte v pronajat\u00e9m byt\u011b v Praze a v\u00e1\u0161 pronaj\u00edmatel v\u00e1m zk\u0159\u00ed\u017eil pl\u00e1ny t\u00edm, \u017ee mus\u00ed z rodinn\u00fdch d\u016fvod\u016f byt prodat, a tud\u00ed\u017e v\u00e1m ukon\u010dil n\u00e1jemn\u00ed smlouvu? B\u011b\u017e\u00ed v\u00e1m samoz\u0159ejm\u011b v\u00fdpov\u011bdn\u00ed [&hellip;]","datePublished":"2024-07-27","dateModified":"2024-07-27","author":{"@type":"Person","@id":"https:\/\/www.lusia.cz\/author\/#Person","name":"","url":"https:\/\/www.lusia.cz\/author\/","identifier":1,"image":{"@type":"ImageObject","@id":"https:\/\/secure.gravatar.com\/avatar\/c0c0e488d5f88ebdb5e32a558e21f6df03f38644814b5677bcd67e16813bee55?s=96&d=mm&r=g","url":"https:\/\/secure.gravatar.com\/avatar\/c0c0e488d5f88ebdb5e32a558e21f6df03f38644814b5677bcd67e16813bee55?s=96&d=mm&r=g","height":96,"width":96}},"publisher":{"@type":"Organization","name":"lusia.cz","logo":{"@type":"ImageObject","@id":"\/logo.png","url":"\/logo.png","width":600,"height":60}},"image":{"@type":"ImageObject","@id":"https:\/\/www.lusia.cz\/wp-content\/uploads\/box-2098116_640_10_10_1.jpg","url":"https:\/\/www.lusia.cz\/wp-content\/uploads\/box-2098116_640_10_10_1.jpg","height":0,"width":0},"url":"https:\/\/www.lusia.cz\/stehujeme-se-v-zime-do-noveho-bytu\/","about":["Web"],"wordCount":431,"articleBody":"       Bydl\u00edte v pronajat\u00e9m byt\u011b v Praze a v\u00e1\u0161 pronaj\u00edmatel v\u00e1m zk\u0159\u00ed\u017eil pl\u00e1ny t\u00edm, \u017ee mus\u00ed z rodinn\u00fdch d\u016fvod\u016f byt prodat, a tud\u00ed\u017e v\u00e1m ukon\u010dil n\u00e1jemn\u00ed smlouvu? B\u011b\u017e\u00ed v\u00e1m samoz\u0159ejm\u011b v\u00fdpov\u011bdn\u00ed lh\u016fta, tak\u017ee to chce zachovat klid, ale m\u011bli byste za\u010d\u00edt hledat nov\u00fd pron\u00e1jem co nejd\u0159\u00edve. Jakmile jej objev\u00edte, m\u016f\u017eete napl\u00e1novat v Praze st\u011bhov\u00e1n\u00ed, ale co kdy\u017e to zrovna vych\u00e1z\u00ed tak \u201ehloup\u011b\u201c, \u017ee se mus\u00edte vyst\u011bhovat kr\u00e1tce po V\u00e1noc\u00edch?Sv\u00e1tky v nov\u00e9m \u2013 je-li to mo\u017en\u00e9, p\u0159est\u011bhujte se u\u017e p\u0159ed v\u00e1no\u010dn\u00edmi sv\u00e1tky. Budete to m\u00edt za sebou a budete alespo\u0148 V\u00e1noce pro\u017e\u00edvat v poklidu a nebudete se stresovat kv\u016fli tomu, \u017ee v\u00e1s po sv\u00e1tc\u00edch \u010dek\u00e1 st\u011bhov\u00e1n\u00ed. St\u011bhov\u00e1n\u00ed v Praze po V\u00e1noc\u00edch b\u00fdv\u00e1 stresuj\u00edc\u00ed i proto, \u017ee jsou lid\u00e9 unaven\u00ed konzumac\u00ed nezdrav\u00fdch pokrm\u016f, v\u011bt\u0161inou sladkost\u00ed nebo masit\u00e9 stravy.Mraziv\u00e9 teploty \u2013 i kdy\u017e bude p\u0159edpov\u011b\u010f po\u010das\u00ed p\u0159\u00edzniv\u00e1 a bude se zd\u00e1t, \u017ee v\u00e1s nezasko\u010d\u00ed mr\u00e1z, rad\u011bji si po\u0159i\u010fte dostate\u010dnou z\u00e1sobu posypov\u00e9ho materi\u00e1lu na chodn\u00edk i na silnici. Ocen\u00ed to i st\u011bhov\u00e1ci, proto\u017ee ka\u017ed\u00e9 podklouznut\u00ed m\u016f\u017ee znamenat \u00faraz a dal\u0161\u00ed zdr\u017een\u00ed odjezdem zam\u011bstnance st\u011bhovac\u00ed firmy do nemocnice, p\u0159\u00edjezdem jin\u00e9ho st\u011bhov\u00e1ka atp. Velmi nebezpe\u010dn\u00e9 jsou i situace, kdy pad\u00e1 mrznouc\u00ed d\u00e9\u0161\u0165 nebo mrholen\u00ed, a namrz\u00e1 p\u0159i teplot\u00e1ch nad nulou p\u0159\u00edli\u0161 studen\u00fd povrch silnic a chodn\u00edk\u016f. V mraziv\u00e9m po\u010das\u00ed tak\u00e9 d\u00e1vejte pozor na pokojov\u00e9 rostliny, nem\u011bly by b\u00fdt zasa\u017eeny teplotami pod nulou, tak je p\u0159en\u00e1\u0161ejte venku velmi rychle a pokud mo\u017eno do tepl\u00e9ho interi\u00e9ru vytopen\u00e9ho vozidla.Kr\u00e1tk\u00e9 dny \u2013 kolem V\u00e1noc jsou nejkrat\u0161\u00ed dny v roce, myslete na to, abyste nebyli zasko\u010deni nap\u0159\u00edklad t\u00edm, \u017ee v nov\u00e9m byt\u011b nebudou namontov\u00e1na sv\u00edtidla, a vy se p\u0159ist\u011bhujete po 17. hodin\u011b, kdy u\u017e je venku tma, a budete muset v byt\u011b sv\u00edtit baterkou a narychlo instalovat sv\u00edtidla, co\u017e m\u016f\u017ee b\u00fdt i nebezpe\u010dn\u00e9. M\u011bli byste se stihnout p\u0159est\u011bhovat v ide\u00e1ln\u00edm p\u0159\u00edpad\u011b do 15 hodin, kdy m\u00e1te p\u0159ed sebou je\u0161t\u011b zhruba hodinu denn\u00edho sv\u011btla.                                                                                                                                                                                                                                                                                                                                                                                          4.6\/5 - (8 votes)        "},{"@context":"https:\/\/schema.org\/","@type":"BreadcrumbList","itemListElement":[{"@type":"ListItem","position":1,"name":"St\u011bhujeme se v zim\u011b do nov\u00e9ho bytu","item":"https:\/\/www.lusia.cz\/stehujeme-se-v-zime-do-noveho-bytu\/#breadcrumbitem"}]}]