[{"@context":"https:\/\/schema.org\/","@type":"Article","@id":"https:\/\/www.lusia.cz\/tehotenske-obleceni-ktere-slusi-kazde\/#Article","mainEntityOfPage":"https:\/\/www.lusia.cz\/tehotenske-obleceni-ktere-slusi-kazde\/","headline":"T\u011bhotensk\u00e9 oble\u010den\u00ed, kter\u00e9 slu\u0161\u00ed ka\u017ed\u00e9.","name":"T\u011bhotensk\u00e9 oble\u010den\u00ed, kter\u00e9 slu\u0161\u00ed ka\u017ed\u00e9.","description":"T\u011bhotensk\u00e9 oble\u010den\u00ed T\u011bhotenstv\u00ed, je pro v\u011bt\u0161inu \u017een kr\u00e1sn\u00e1 zpr\u00e1va. Ale nic nen\u00ed jak b\u00fdv\u00e1, a s p\u0159ib\u00fdvaj\u00edc\u00ed v\u00e1hou, to nese i sv\u00e9 zm\u011bny. P\u0159edev\u0161\u00edm zm\u011bny v \u0161atn\u00edku t\u011bhotn\u00e9 \u017eeny. U\u017e [&hellip;]","datePublished":"2022-01-21","dateModified":"2023-05-26","author":{"@type":"Person","@id":"https:\/\/www.lusia.cz\/author\/#Person","name":"","url":"https:\/\/www.lusia.cz\/author\/","identifier":1,"image":{"@type":"ImageObject","@id":"https:\/\/secure.gravatar.com\/avatar\/c0c0e488d5f88ebdb5e32a558e21f6df03f38644814b5677bcd67e16813bee55?s=96&d=mm&r=g","url":"https:\/\/secure.gravatar.com\/avatar\/c0c0e488d5f88ebdb5e32a558e21f6df03f38644814b5677bcd67e16813bee55?s=96&d=mm&r=g","height":96,"width":96}},"publisher":{"@type":"Organization","name":"lusia.cz","logo":{"@type":"ImageObject","@id":"\/logo.png","url":"\/logo.png","width":600,"height":60}},"image":{"@type":"ImageObject","@id":"https:\/\/www.lusia.cz\/wp-content\/uploads\/20-tyden-5.jpg","url":"https:\/\/www.lusia.cz\/wp-content\/uploads\/20-tyden-5.jpg","height":0,"width":0},"url":"https:\/\/www.lusia.cz\/tehotenske-obleceni-ktere-slusi-kazde\/","about":["Byznys"],"wordCount":419,"articleBody":"       T\u011bhotensk\u00e9 oble\u010den\u00edT\u011bhotenstv\u00ed, je pro v\u011bt\u0161inu \u017een kr\u00e1sn\u00e1 zpr\u00e1va. Ale nic nen\u00ed jak b\u00fdv\u00e1, a s p\u0159ib\u00fdvaj\u00edc\u00ed v\u00e1hou, to nese i sv\u00e9 zm\u011bny. P\u0159edev\u0161\u00edm zm\u011bny v \u0161atn\u00edku t\u011bhotn\u00e9 \u017eeny. U\u017e nen\u00ed takov\u00e1 sranda, na sebe navl\u00e9knout, obl\u00edben\u00e9 kousky, ale je pot\u0159eba s\u00e1hnout po n\u011b\u010dem v\u011bt\u0161\u00edm. T\u011bhotn\u00e1 \u017eena, se mus\u00ed v oble\u010den\u00ed c\u00edtit pohodln\u011b, a nesm\u00ed ji nikde nic tla\u010dit ani se za\u0159ez\u00e1vat. Proto je nejlep\u0161\u00ed s\u00e1hnout po t\u011bhotensk\u00e9m oble\u010den\u00ed. Dne\u0161n\u00ed doba, n\u00e1m p\u0159in\u00e1\u0161\u00ed v\u00fdbavu p\u0159edev\u0161\u00edm, do ka\u017ed\u00e9ho ro\u010dn\u00edho obdob\u00ed, ale tak\u00e9 po\u010das\u00ed a v\u00fdb\u011brem materi\u00e1lu. T\u011bhotensk\u00e9 oble\u010den\u00ed, nemus\u00ed b\u00fdt nutn\u011b nevkusn\u00fd kus v\u011bt\u0161\u00edho hadru.V\u011bt\u0161ina eshopu s oble\u010den\u00edm, m\u00e1 ji\u017e svou kategorii pro t\u011bhotn\u00e9. Proto\u017ee nebylo tak snadn\u00e9 sehnat vkusn\u00e9 t\u011bhotensk\u00e9 oble\u010den\u00ed. A ani n\u00e1\u0161 eshop nen\u00ed v\u00fdjimkou. T\u011bhotensk\u00e9 \u0161aty https:\/\/www.mlada-moda.cz\/tehotenska-moda\/saty jsou ta spr\u00e1vn\u00e1 volba. Dnes, se \u0161aty nenos\u00ed u\u017e pouze v l\u00e9t\u011b, ale i v zim\u011b. Na na\u0161em eshopu, V\u00e1m m\u016f\u017eeme nab\u00eddnout, t\u011bhotensk\u00e9 \u0161aty, kter\u00e9 jsou ze stejn\u00e9ho materi\u00e1lu jako je svetr, kter\u00fd V\u00e1s v zim\u011b ur\u010dit\u011b zah\u0159eje a ocen\u00edte jeho skv\u011blou kvalitu. Nejen, \u017ee svetrov\u00e9 t\u011bhotensk\u00e9 \u0161aty zah\u0159ej\u00ed, ale tak\u00e9 vypadaj\u00ed velmi elegantn\u011b, co se no\u0161en\u00ed t\u00fd\u010de. M\u016f\u017eete si vybrat z n\u011bkolika druh\u016f barev a velikost\u00ed, \u0161aty jsou tvo\u0159eny vhodn\u00fdm st\u0159ihem, tak\u017ee slu\u0161\u00ed opravdu ka\u017ed\u00e9.A kombinovat se daj\u00ed, s jak\u00fdmkoliv dopl\u0148kem. Nab\u00edz\u00edme V\u00e1m \u0161aty, s kr\u00e1tk\u00fdm nebo s dlouh\u00fdm ruk\u00e1vem, dle Va\u0161eho v\u00fdb\u011bru. St\u0159ih, m\u00e1me do \u00e1\u010dka a symetrick\u00fd. Pokud v\u0161ak nebudete m\u00edt v\u011bt\u0161\u00ed t\u011bhotensk\u00e9 b\u0159\u00ed\u0161ko p\u0159es zimn\u00ed obdob\u00ed, ale p\u0159es l\u00e9to, kdy je opravdu teplo. M\u016f\u017eeme V\u00e1m, nab\u00eddnout kr\u00e1sn\u00e9, slu\u0161iv\u00e9 letn\u00ed \u0161aty, kter\u00e9 se hod\u00ed na kteroukoliv p\u0159\u00edle\u017eitost. Tyto \u0161aty, se hod\u00ed i na spole\u010densk\u00e9 akce. Nemus\u00edte se ob\u00e1vat, t\u011bhotensk\u00e1 moda je opravdu vkusn\u00e1. Pokud u\u017e m\u00e1te t\u011bhotenstv\u00ed za sebou, m\u016f\u017eeme V\u00e1m nab\u00eddnout koj\u00edc\u00ed \u0161aty, kter\u00e9 ur\u010dit\u011b ocen\u00edte.                                                                                                                                                                                                                                                                                                                                                                                           5\/5 - (4 votes)        "},{"@context":"https:\/\/schema.org\/","@type":"BreadcrumbList","itemListElement":[{"@type":"ListItem","position":1,"name":"T\u011bhotensk\u00e9 oble\u010den\u00ed, kter\u00e9 slu\u0161\u00ed ka\u017ed\u00e9.","item":"https:\/\/www.lusia.cz\/tehotenske-obleceni-ktere-slusi-kazde\/#breadcrumbitem"}]}]